{"id":3085,"date":"2018-07-03T19:23:10","date_gmt":"2018-07-03T17:23:10","guid":{"rendered":"https:\/\/www.sgda.ch\/?p=3085"},"modified":"2018-08-06T10:18:49","modified_gmt":"2018-08-06T08:18:49","slug":"auftakt-der-kampagne-zur-abstimmung-ueber-ein-film-und-medienfoerderungsgesetz","status":"publish","type":"post","link":"https:\/\/www.sgda.ch\/de\/auftakt-der-kampagne-zur-abstimmung-ueber-ein-film-und-medienfoerderungsgesetz\/","title":{"rendered":"Auftakt der Kampagne zur Abstimmung \u00fcber ein Film- und Medienf\u00f6rderungsgesetz"},"content":{"rendered":"<p>Am 23. September stimmt die Bev\u00f6lkerung des Kantons Z\u00fcrich \u00fcber die Annahme des\u00a0<a href=\"https:\/\/filmundmediengesetz.ch\/index.php\/darum-gehts.html\" target=\"_blank\" rel=\"noopener\">Film- und Medienf\u00f6rderungsgesetzes<\/a>\u00a0ab, das von Z\u00fcrich f\u00fcr den Film und der SGDA initiiert wurde.\u00a0Dabei sollen Film, Games und die Medienkunst anerkannt und die F\u00f6rderung gesetzlich verankert werden. Die SGDA ist vom Pioniercharakter des Gesetzes f\u00fcr die Schweiz \u00fcberzeugt und ist erfreut \u00fcber die positive Resonanz, die die Initiative bereits ausgel\u00f6st hat \u2013\u00a0 was sich auch am\u00a0<a href=\"https:\/\/filmundmediengesetz.ch\/index.php\/komitee.html\" target=\"_blank\" rel=\"noopener\">Partei- und Branchen-\u00fcbergreifenden Unterst\u00fctzungskomitee<\/a>\u00a0zeigt.<\/p>\n<p>Der Auftakt der Kampagne finden am\u00a0Dienstag, 10. Juli 2018, 18:00 Uhr, im\u00a0<a href=\"https:\/\/goo.gl\/maps\/vCKwrBf7vbA2\" target=\"_blank\" rel=\"noopener\">Park Hotel<\/a>\u00a0in Winterthur statt.<\/p>\n","protected":false},"excerpt":{"rendered":"<p>Am 23. September stimmt die Bev\u00f6lkerung des Kantons Z\u00fcrich \u00fcber die Annahme des\u00a0Film- und Medienf\u00f6rderungsgesetzes\u00a0ab, das von Z\u00fcrich f\u00fcr den Film und der SGDA initiiert wurde.\u00a0Dabei sollen Film, Games und die Medienkunst anerkannt und die F\u00f6rderung gesetzlich verankert werden. Die SGDA ist vom Pioniercharakter des Gesetzes f\u00fcr die Schweiz \u00fcberzeugt und ist erfreut \u00fcber die &#8230; <a title=\"Auftakt der Kampagne zur Abstimmung \u00fcber ein Film- und Medienf\u00f6rderungsgesetz\" class=\"read-more\" href=\"https:\/\/www.sgda.ch\/de\/auftakt-der-kampagne-zur-abstimmung-ueber-ein-film-und-medienfoerderungsgesetz\/\" aria-label=\"More on Auftakt der Kampagne zur Abstimmung \u00fcber ein Film- und Medienf\u00f6rderungsgesetz\">Read more<\/a><\/p>\n","protected":false},"author":312,"featured_media":3079,"comment_status":"closed","ping_status":"closed","sticky":false,"template":"","format":"standard","meta":{"pmpro_default_level":"","_price":"","_stock":"","_tribe_ticket_header":"","_tribe_default_ticket_provider":"","_tribe_ticket_capacity":"0","_ticket_start_date":"","_ticket_end_date":"","_tribe_ticket_show_description":"","_tribe_ticket_show_not_going":false,"_tribe_ticket_use_global_stock":"","_tribe_ticket_global_stock_level":"","_global_stock_mode":"","_global_stock_cap":"","_tribe_rsvp_for_event":"","_tribe_ticket_going_count":"","_tribe_ticket_not_going_count":"","_tribe_tickets_list":"[]","_tribe_ticket_has_attendee_info_fields":false,"footnotes":""},"categories":[159],"tags":[],"class_list":["post-3085","post","type-post","status-publish","format-standard","has-post-thumbnail","hentry","category-mitteilungen","pmpro-has-access"],"aioseo_notices":[],"_links":{"self":[{"href":"https:\/\/www.sgda.ch\/de\/wp-json\/wp\/v2\/posts\/3085","targetHints":{"allow":["GET"]}}],"collection":[{"href":"https:\/\/www.sgda.ch\/de\/wp-json\/wp\/v2\/posts"}],"about":[{"href":"https:\/\/www.sgda.ch\/de\/wp-json\/wp\/v2\/types\/post"}],"author":[{"embeddable":true,"href":"https:\/\/www.sgda.ch\/de\/wp-json\/wp\/v2\/users\/312"}],"replies":[{"embeddable":true,"href":"https:\/\/www.sgda.ch\/de\/wp-json\/wp\/v2\/comments?post=3085"}],"version-history":[{"count":0,"href":"https:\/\/www.sgda.ch\/de\/wp-json\/wp\/v2\/posts\/3085\/revisions"}],"wp:featuredmedia":[{"embeddable":true,"href":"https:\/\/www.sgda.ch\/de\/wp-json\/wp\/v2\/media\/3079"}],"wp:attachment":[{"href":"https:\/\/www.sgda.ch\/de\/wp-json\/wp\/v2\/media?parent=3085"}],"wp:term":[{"taxonomy":"category","embeddable":true,"href":"https:\/\/www.sgda.ch\/de\/wp-json\/wp\/v2\/categories?post=3085"},{"taxonomy":"post_tag","embeddable":true,"href":"https:\/\/www.sgda.ch\/de\/wp-json\/wp\/v2\/tags?post=3085"}],"curies":[{"name":"wp","href":"https:\/\/api.w.org\/{rel}","templated":true}]}}